{"id":6332,"date":"2019-10-29T20:20:15","date_gmt":"2019-10-29T17:20:15","guid":{"rendered":"https:\/\/www.electoralgeography.com\/new\/en\/?p=6332"},"modified":"2019-10-31T21:08:01","modified_gmt":"2019-10-31T18:08:01","slug":"bolivia-presidential-election-2019","status":"publish","type":"post","link":"https:\/\/www.electoralgeography.com\/new\/en\/countries\/b\/bolivia\/bolivia-presidential-election-2019.html","title":{"rendered":"Bolivia. Presidential Election 2019"},"content":{"rendered":"<p>Evo Morales\t47.08<br \/>\nCarlos Mesa\t36.51<br \/>\nChi Hyun Chung\t8.78<br \/>\n\u00d3scar Ortiz Antelo\t4.24<br \/>\nFelix Patzi\t1.25<br \/>\nVirginio Lema\t0.69<br \/>\nRuth Nina\t0.65<br \/>\nV\u00edctor Hugo C\u00e1rdenas\t0.41<br \/>\nIsrael Rodriquez\t0.39<\/p>\n<!-- index.php -->\n<div\n\tclass=\"ngg-galleryoverview\"\n\tid=\"ngg-gallery-00e10284213d380579f69c1b3c8f7a09-1\">\n\n    \t\t<!-- Thumbnails -->\n\t\t\t\t<div id=\"ngg-image-0\" class=\"ngg-gallery-thumbnail-box\" >\n\t\t\t\t        <div class=\"ngg-gallery-thumbnail\">\n            <a href=\"https:\/\/www.electoralgeography.com\/new\/en\/bolivia2019-2\/2091-bolivia-presidential-municipalities.png\"\n               title=\"\"\n               data-src=\"https:\/\/www.electoralgeography.com\/new\/en\/bolivia2019-2\/2091-bolivia-presidential-municipalities.png\"\n               data-thumbnail=\"https:\/\/www.electoralgeography.com\/new\/en\/bolivia2019-2\/thumbs\/thumbs_2091-bolivia-presidential-municipalities.png\"\n               data-image-id=\"4549\"\n               data-title=\"2091-bolivia-presidential-municipalities\"\n               data-description=\"\"\n               data-image-slug=\"2091-bolivia-presidential-municipalities\"\n               class=\"ngg-simplelightbox\" rel=\"00e10284213d380579f69c1b3c8f7a09\">\n                <img\n                    title=\"2091-bolivia-presidential-municipalities\"\n                    alt=\"2091-bolivia-presidential-municipalities\"\n                    src=\"https:\/\/www.electoralgeography.com\/new\/en\/bolivia2019-2\/thumbs\/thumbs_2091-bolivia-presidential-municipalities.png\"\n                    width=\"150\"\n                    height=\"100\"\n                    style=\"max-width:100%;\"\n                \/>\n            <\/a>\n        <\/div>\n\t\t\t\t\t\t\t<\/div> \n\t\t\t\n        \n\t\t\n\t\t<!-- Pagination -->\n\t<div class='ngg-clear'><\/div>\t<\/div>\n<br \/>\nhttps:\/\/computo.oep.org.bo\/#<\/p>\n","protected":false},"excerpt":{"rendered":"<p>Evo Morales 47.08 Carlos Mesa 36.51 Chi Hyun Chung 8.78 \u00d3scar Ortiz Antelo 4.24 Felix Patzi 1.25 Virginio Lema 0.69 Ruth Nina 0.65 V\u00edctor Hugo C\u00e1rdenas 0.41 Israel Rodriquez 0.39 https:\/\/computo.oep.org.bo\/#<\/p>\n","protected":false},"author":2,"featured_media":0,"comment_status":"open","ping_status":"open","sticky":false,"template":"","format":"standard","meta":{"ngg_post_thumbnail":0},"categories":[54],"tags":[],"_links":{"self":[{"href":"https:\/\/www.electoralgeography.com\/new\/en\/wp-json\/wp\/v2\/posts\/6332"}],"collection":[{"href":"https:\/\/www.electoralgeography.com\/new\/en\/wp-json\/wp\/v2\/posts"}],"about":[{"href":"https:\/\/www.electoralgeography.com\/new\/en\/wp-json\/wp\/v2\/types\/post"}],"author":[{"embeddable":true,"href":"https:\/\/www.electoralgeography.com\/new\/en\/wp-json\/wp\/v2\/users\/2"}],"replies":[{"embeddable":true,"href":"https:\/\/www.electoralgeography.com\/new\/en\/wp-json\/wp\/v2\/comments?post=6332"}],"version-history":[{"count":2,"href":"https:\/\/www.electoralgeography.com\/new\/en\/wp-json\/wp\/v2\/posts\/6332\/revisions"}],"predecessor-version":[{"id":6346,"href":"https:\/\/www.electoralgeography.com\/new\/en\/wp-json\/wp\/v2\/posts\/6332\/revisions\/6346"}],"wp:attachment":[{"href":"https:\/\/www.electoralgeography.com\/new\/en\/wp-json\/wp\/v2\/media?parent=6332"}],"wp:term":[{"taxonomy":"category","embeddable":true,"href":"https:\/\/www.electoralgeography.com\/new\/en\/wp-json\/wp\/v2\/categories?post=6332"},{"taxonomy":"post_tag","embeddable":true,"href":"https:\/\/www.electoralgeography.com\/new\/en\/wp-json\/wp\/v2\/tags?post=6332"}],"curies":[{"name":"wp","href":"https:\/\/api.w.org\/{rel}","templated":true}]}}